{"id":2232,"date":"2025-04-30T09:03:00","date_gmt":"2025-04-30T09:03:00","guid":{"rendered":"https:\/\/www.schwulejugend.de\/sjk\/?p=2232"},"modified":"2025-05-28T15:04:12","modified_gmt":"2025-05-28T15:04:12","slug":"sjk-grillfest","status":"publish","type":"post","link":"https:\/\/www.schwulejugend.de\/sjk\/?p=2232","title":{"rendered":"SJK Grillfest am 29.05.25"},"content":{"rendered":"\n<p>Die SJK Geburtstagsfeier!<br>Am Vatertag 29.05. findet wieder unsere gro\u00dfe Geburtstagsfeier mit Grillfest statt. Diesmal in neuer Location in der Grillh\u00fctte Koblenz-G\u00fcls.<br>Eingeladen sind wie immer alle Mitglieder und Freunde der SJK. Start 16:00 Uhr.<br>\u00dcber eine kurze Anmeldung per Mail, Facebook, WhatsApp-Gruppe oder Insta w\u00fcrden wir uns sehr freuen, damit genug Essen da ist.  <br>Adresse: Am Heyerberg 19, 56072 Koblenz. In der N\u00e4he stehen ausreichend Parkpl\u00e4tze zur Verf\u00fcgung.<\/p>\n\n\n\n<figure class=\"wp-block-image size-large\"><a href=\"https:\/\/www.schwulejugend.de\/sjk\/wp-content\/uploads\/2025\/05\/1000081336.png\"><img loading=\"lazy\" decoding=\"async\" width=\"683\" height=\"1024\" src=\"https:\/\/www.schwulejugend.de\/sjk\/wp-content\/uploads\/2025\/05\/1000081336-683x1024.png\" alt=\"\" class=\"wp-image-2237\" srcset=\"https:\/\/www.schwulejugend.de\/sjk\/wp-content\/uploads\/2025\/05\/1000081336-683x1024.png 683w, https:\/\/www.schwulejugend.de\/sjk\/wp-content\/uploads\/2025\/05\/1000081336-200x300.png 200w, https:\/\/www.schwulejugend.de\/sjk\/wp-content\/uploads\/2025\/05\/1000081336-768x1152.png 768w, https:\/\/www.schwulejugend.de\/sjk\/wp-content\/uploads\/2025\/05\/1000081336.png 1024w\" sizes=\"(max-width: 683px) 100vw, 683px\" \/><\/a><\/figure>\n\n\n\n<p>Weitere Infos zur Location inkl. <strong>Anfahrtsplan <\/strong>gibt es hier: <a href=\"https:\/\/heimatfreunde-guels.de\/grillhuette-koblenz-guels\/\">https:\/\/heimatfreunde-guels.de\/grillhuette-koblenz-guels\/<\/a><\/p>\n\n\n\n<p>Es gibt 2 Anfahrm\u00f6glichkeiten: Durch G\u00fcls \u00fcber Planstra\u00dfe (sehr eng, offizielle Zufahrt) oder von der L52 aus Metternicher Feld kommend. Am besten Google Maps benutzen. Zufahrtstra\u00dfen teilweise sehr eng und Feldweg.<\/p>\n\n\n\n<p>Anfahrt von A61: Ausfahrt 38 Koblenz Metternich, links auf L52 Richtung Metternich, dann rechts abbiegen auf &#8222;Am Heyerberg&#8220; (Feldweg).<\/p>\n\n\n\n<p>Von Metternich\/ R\u00fcbenach kommend: von Aachener Stra\u00dfe (Verbindung zw. Metternich und R\u00fcbenach) auf L52 Richtung Amazon\/ A61 fahren. Links auf am Heyerberg (Feldweg) abbiegen.<\/p>\n\n\n\n<p>Von B9 kommend: Bei Globus auf Nortangente abfahren, dann rechts ins Metternicher Feld abbiegen. Im Kreisel rechts auf R\u00fcbenacher Stra\u00dfe\/ Aachener Stra\u00dfe Richtung A61\/Amazon. Weiter wie oben <\/p>\n\n\n\n<p><strong>Anfahrt \u00d6PNV: <\/strong>Leider ist ein l\u00e4ngerer Fu\u00dfweg n\u00f6tig. <br>Bus: Linie 3\/13, Haltestelle Alte Schule\/ Bahnhof. Ab hier ca. 1 km Fu\u00dfweg.<br>Zug: Bahnhof G\u00fcls, Linie RB81, ab hier ca. 1,3 km Fu\u00dfweg.<br>Auf Anfrage k\u00f6nnen wir euch jedoch bestimmt auch abholen von der Haltestelle oder dem Bahnhof. \ud83d\ude09<\/p>\n\n\n\n<p>Wir freuen uns auf euch. \ud83e\udd69\ud83c\udf56\ud83e\udd57<\/p>\n\n\n\n<figure class=\"wp-block-image size-medium\"><a href=\"http:\/\/www.schwulejugend.de\/sjk\/wp-content\/uploads\/2025\/04\/IMG-20250504-WA0006.jpg\"><img loading=\"lazy\" decoding=\"async\" width=\"240\" height=\"300\" src=\"https:\/\/www.schwulejugend.de\/sjk\/wp-content\/uploads\/2025\/04\/IMG-20250504-WA0006-240x300.jpg\" alt=\"\" class=\"wp-image-2240\" srcset=\"https:\/\/www.schwulejugend.de\/sjk\/wp-content\/uploads\/2025\/04\/IMG-20250504-WA0006-240x300.jpg 240w, https:\/\/www.schwulejugend.de\/sjk\/wp-content\/uploads\/2025\/04\/IMG-20250504-WA0006-819x1024.jpg 819w, https:\/\/www.schwulejugend.de\/sjk\/wp-content\/uploads\/2025\/04\/IMG-20250504-WA0006-768x960.jpg 768w, https:\/\/www.schwulejugend.de\/sjk\/wp-content\/uploads\/2025\/04\/IMG-20250504-WA0006.jpg 1080w\" sizes=\"(max-width: 240px) 100vw, 240px\" \/><\/a><\/figure>\n","protected":false},"excerpt":{"rendered":"<p>Die SJK Geburtstagsfeier!Am Vatertag 29.05. findet wieder unsere gro\u00dfe Geburtstagsfeier mit Grillfest statt. Diesmal in neuer Location in der Grillh\u00fctte Koblenz-G\u00fcls.Eingeladen sind wie immer alle Mitglieder und Freunde der SJK. Start 16:00 Uhr.\u00dcber eine kurze Anmeldung per Mail, Facebook, WhatsApp-Gruppe<\/p>\n","protected":false},"author":1,"featured_media":2240,"comment_status":"closed","ping_status":"open","sticky":false,"template":"","format":"standard","meta":{"footnotes":""},"categories":[1],"tags":[],"_links":{"self":[{"href":"https:\/\/www.schwulejugend.de\/sjk\/index.php?rest_route=\/wp\/v2\/posts\/2232"}],"collection":[{"href":"https:\/\/www.schwulejugend.de\/sjk\/index.php?rest_route=\/wp\/v2\/posts"}],"about":[{"href":"https:\/\/www.schwulejugend.de\/sjk\/index.php?rest_route=\/wp\/v2\/types\/post"}],"author":[{"embeddable":true,"href":"https:\/\/www.schwulejugend.de\/sjk\/index.php?rest_route=\/wp\/v2\/users\/1"}],"replies":[{"embeddable":true,"href":"https:\/\/www.schwulejugend.de\/sjk\/index.php?rest_route=%2Fwp%2Fv2%2Fcomments&post=2232"}],"version-history":[{"count":21,"href":"https:\/\/www.schwulejugend.de\/sjk\/index.php?rest_route=\/wp\/v2\/posts\/2232\/revisions"}],"predecessor-version":[{"id":2264,"href":"https:\/\/www.schwulejugend.de\/sjk\/index.php?rest_route=\/wp\/v2\/posts\/2232\/revisions\/2264"}],"wp:featuredmedia":[{"embeddable":true,"href":"https:\/\/www.schwulejugend.de\/sjk\/index.php?rest_route=\/wp\/v2\/media\/2240"}],"wp:attachment":[{"href":"https:\/\/www.schwulejugend.de\/sjk\/index.php?rest_route=%2Fwp%2Fv2%2Fmedia&parent=2232"}],"wp:term":[{"taxonomy":"category","embeddable":true,"href":"https:\/\/www.schwulejugend.de\/sjk\/index.php?rest_route=%2Fwp%2Fv2%2Fcategories&post=2232"},{"taxonomy":"post_tag","embeddable":true,"href":"https:\/\/www.schwulejugend.de\/sjk\/index.php?rest_route=%2Fwp%2Fv2%2Ftags&post=2232"}],"curies":[{"name":"wp","href":"https:\/\/api.w.org\/{rel}","templated":true}]}}