{"id":2269,"date":"2025-08-08T10:07:01","date_gmt":"2025-08-08T10:07:01","guid":{"rendered":"https:\/\/www.schwulejugend.de\/sjk\/?p=2269"},"modified":"2025-08-14T21:45:41","modified_gmt":"2025-08-14T21:45:41","slug":"15-8-25-mitgliederversammlung","status":"publish","type":"post","link":"https:\/\/www.schwulejugend.de\/sjk\/?p=2269","title":{"rendered":"15.8.25 &#8211; Mitgliederversammlung"},"content":{"rendered":"\n<p>Am 15.8.2025 findet wieder unsere j\u00e4hrliche Mitgliederversammlung statt. Alle Mitglieder sind herzlich dazu eingeladen. G\u00e4ste k\u00f6nnen auch kommen. Nach der Mitgliederversammlung (ca. 21 Uhr) findet der Freitagstreff normal statt.<\/p>\n\n\n\n<figure class=\"wp-block-image size-large is-resized\"><img loading=\"lazy\" decoding=\"async\" width=\"1024\" height=\"683\" src=\"http:\/\/www.schwulejugend.de\/sjk\/wp-content\/uploads\/2025\/08\/057563cc-af30-4ebd-b0de-1ecd89e0e4ed-1024x683.png\" alt=\"\" class=\"wp-image-2287\" style=\"width:392px;height:auto\" srcset=\"https:\/\/www.schwulejugend.de\/sjk\/wp-content\/uploads\/2025\/08\/057563cc-af30-4ebd-b0de-1ecd89e0e4ed-1024x683.png 1024w, https:\/\/www.schwulejugend.de\/sjk\/wp-content\/uploads\/2025\/08\/057563cc-af30-4ebd-b0de-1ecd89e0e4ed-300x200.png 300w, https:\/\/www.schwulejugend.de\/sjk\/wp-content\/uploads\/2025\/08\/057563cc-af30-4ebd-b0de-1ecd89e0e4ed-768x512.png 768w, https:\/\/www.schwulejugend.de\/sjk\/wp-content\/uploads\/2025\/08\/057563cc-af30-4ebd-b0de-1ecd89e0e4ed.png 1536w\" sizes=\"(max-width: 1024px) 100vw, 1024px\" \/><\/figure>\n","protected":false},"excerpt":{"rendered":"<p>Am 15.8.2025 findet wieder unsere j\u00e4hrliche Mitgliederversammlung statt. Alle Mitglieder sind herzlich dazu eingeladen. G\u00e4ste k\u00f6nnen auch kommen. Nach der Mitgliederversammlung (ca. 21 Uhr) findet der Freitagstreff normal statt.<\/p>\n","protected":false},"author":1,"featured_media":0,"comment_status":"closed","ping_status":"open","sticky":false,"template":"","format":"standard","meta":{"footnotes":""},"categories":[1,14,8],"tags":[],"_links":{"self":[{"href":"https:\/\/www.schwulejugend.de\/sjk\/index.php?rest_route=\/wp\/v2\/posts\/2269"}],"collection":[{"href":"https:\/\/www.schwulejugend.de\/sjk\/index.php?rest_route=\/wp\/v2\/posts"}],"about":[{"href":"https:\/\/www.schwulejugend.de\/sjk\/index.php?rest_route=\/wp\/v2\/types\/post"}],"author":[{"embeddable":true,"href":"https:\/\/www.schwulejugend.de\/sjk\/index.php?rest_route=\/wp\/v2\/users\/1"}],"replies":[{"embeddable":true,"href":"https:\/\/www.schwulejugend.de\/sjk\/index.php?rest_route=%2Fwp%2Fv2%2Fcomments&post=2269"}],"version-history":[{"count":2,"href":"https:\/\/www.schwulejugend.de\/sjk\/index.php?rest_route=\/wp\/v2\/posts\/2269\/revisions"}],"predecessor-version":[{"id":2288,"href":"https:\/\/www.schwulejugend.de\/sjk\/index.php?rest_route=\/wp\/v2\/posts\/2269\/revisions\/2288"}],"wp:attachment":[{"href":"https:\/\/www.schwulejugend.de\/sjk\/index.php?rest_route=%2Fwp%2Fv2%2Fmedia&parent=2269"}],"wp:term":[{"taxonomy":"category","embeddable":true,"href":"https:\/\/www.schwulejugend.de\/sjk\/index.php?rest_route=%2Fwp%2Fv2%2Fcategories&post=2269"},{"taxonomy":"post_tag","embeddable":true,"href":"https:\/\/www.schwulejugend.de\/sjk\/index.php?rest_route=%2Fwp%2Fv2%2Ftags&post=2269"}],"curies":[{"name":"wp","href":"https:\/\/api.w.org\/{rel}","templated":true}]}}