{"id":2317,"date":"2025-10-10T20:54:36","date_gmt":"2025-10-10T20:54:36","guid":{"rendered":"https:\/\/www.schwulejugend.de\/sjk\/?p=2317"},"modified":"2025-10-24T12:22:01","modified_gmt":"2025-10-24T12:22:01","slug":"07-11-2025-lesung-mit-sven-ruehl","status":"publish","type":"post","link":"https:\/\/www.schwulejugend.de\/sjk\/?p=2317","title":{"rendered":"07.11.2025 &#8211; Lesung mit Sven R\u00fchl"},"content":{"rendered":"\n<p>Am Freitag, den 07.11.2025 kommt Sven R\u00fchl, der Autor des Buches &#8222;Ich bin Chris&#8220;, zu uns in die SJK. Beginn ist um 20:00 Uhr, die SJK \u00f6ffnet regul\u00e4r um 19.30 Uhr.<\/p>\n\n\n\n<figure class=\"wp-block-image size-large\"><a href=\"https:\/\/www.schwulejugend.de\/sjk\/wp-content\/uploads\/2025\/10\/1000110250.jpg\"><img loading=\"lazy\" decoding=\"async\" width=\"819\" height=\"1024\" src=\"https:\/\/www.schwulejugend.de\/sjk\/wp-content\/uploads\/2025\/10\/1000110250-819x1024.jpg\" alt=\"\" class=\"wp-image-2321\" srcset=\"https:\/\/www.schwulejugend.de\/sjk\/wp-content\/uploads\/2025\/10\/1000110250-819x1024.jpg 819w, https:\/\/www.schwulejugend.de\/sjk\/wp-content\/uploads\/2025\/10\/1000110250-240x300.jpg 240w, https:\/\/www.schwulejugend.de\/sjk\/wp-content\/uploads\/2025\/10\/1000110250-768x960.jpg 768w, https:\/\/www.schwulejugend.de\/sjk\/wp-content\/uploads\/2025\/10\/1000110250.jpg 1080w\" sizes=\"(max-width: 819px) 100vw, 819px\" \/><\/a><\/figure>\n\n\n\n<p>Ich bin Chris! \u2013 eine Geschichte \u00fcber Liebe, Freundschaft, Selbstfindung \u2013 Mobbing und Outing. Chris ist 18, sensibel, klug \u2013 und irgendwie anders. Zwischen Coming Out, innerem Chaos, Freundschaft und ersten gro\u00dfen Gef\u00fchlen sucht er seinen Platz in einer Welt, die ihm oft zu laut, zu hart und zu eng erscheint. \u201eIch bin Chris!\u201c ist ein bewegender Roman \u00fcber das, was uns zerrei\u00dft \u2013 und das, was uns stark macht. Echt, ber\u00fchrend und voller Hoffnung.<\/p>\n\n\n\n<p>weitere Infos unter <a href=\"https:\/\/svenschreibt.de\/\">https:\/\/svenschreibt.de\/<\/a><\/p>\n","protected":false},"excerpt":{"rendered":"<p>Am Freitag, den 07.11.2025 kommt Sven R\u00fchl, der Autor des Buches &#8222;Ich bin Chris&#8220;, zu uns in die SJK. Beginn ist um 20:00 Uhr, die SJK \u00f6ffnet regul\u00e4r um 19.30 Uhr. Ich bin Chris! \u2013 eine Geschichte \u00fcber Liebe, Freundschaft,<\/p>\n","protected":false},"author":1,"featured_media":2319,"comment_status":"closed","ping_status":"open","sticky":false,"template":"","format":"standard","meta":{"footnotes":""},"categories":[1,5,14,8],"tags":[],"_links":{"self":[{"href":"https:\/\/www.schwulejugend.de\/sjk\/index.php?rest_route=\/wp\/v2\/posts\/2317"}],"collection":[{"href":"https:\/\/www.schwulejugend.de\/sjk\/index.php?rest_route=\/wp\/v2\/posts"}],"about":[{"href":"https:\/\/www.schwulejugend.de\/sjk\/index.php?rest_route=\/wp\/v2\/types\/post"}],"author":[{"embeddable":true,"href":"https:\/\/www.schwulejugend.de\/sjk\/index.php?rest_route=\/wp\/v2\/users\/1"}],"replies":[{"embeddable":true,"href":"https:\/\/www.schwulejugend.de\/sjk\/index.php?rest_route=%2Fwp%2Fv2%2Fcomments&post=2317"}],"version-history":[{"count":2,"href":"https:\/\/www.schwulejugend.de\/sjk\/index.php?rest_route=\/wp\/v2\/posts\/2317\/revisions"}],"predecessor-version":[{"id":2322,"href":"https:\/\/www.schwulejugend.de\/sjk\/index.php?rest_route=\/wp\/v2\/posts\/2317\/revisions\/2322"}],"wp:featuredmedia":[{"embeddable":true,"href":"https:\/\/www.schwulejugend.de\/sjk\/index.php?rest_route=\/wp\/v2\/media\/2319"}],"wp:attachment":[{"href":"https:\/\/www.schwulejugend.de\/sjk\/index.php?rest_route=%2Fwp%2Fv2%2Fmedia&parent=2317"}],"wp:term":[{"taxonomy":"category","embeddable":true,"href":"https:\/\/www.schwulejugend.de\/sjk\/index.php?rest_route=%2Fwp%2Fv2%2Fcategories&post=2317"},{"taxonomy":"post_tag","embeddable":true,"href":"https:\/\/www.schwulejugend.de\/sjk\/index.php?rest_route=%2Fwp%2Fv2%2Ftags&post=2317"}],"curies":[{"name":"wp","href":"https:\/\/api.w.org\/{rel}","templated":true}]}}